{"id":1091,"date":"2026-09-02T09:33:31","date_gmt":"2026-09-02T07:33:31","guid":{"rendered":"https:\/\/andaktsbloggen.com\/?p=1091"},"modified":"2026-09-02T09:33:31","modified_gmt":"2026-09-02T07:33:31","slug":"du-er-barnet","status":"publish","type":"post","link":"https:\/\/andaktsbloggen.com\/?p=1091","title":{"rendered":"Du er barnet"},"content":{"rendered":"\n<blockquote class=\"wp-block-quote is-layout-flow wp-block-quote-is-layout-flow\">\n<p class=\"wp-block-paragraph\">Nettopp da kom disiplene og spurte Jesus: \u00abHvem er den st\u00f8rste i himmelriket?\u00bb Da kalte han til seg et lite barn, stilte det midt iblant dem og sa: \u00abSannelig, jeg sier dere: Uten at dere vender om og blir som barn, kommer dere ikke inn i himmelriket. Den som gj\u00f8r seg selv liten som dette barnet, han er den st\u00f8rste i himmelriket.<\/p>\n\n\n\n<p class=\"wp-block-paragraph\">Og den som tar imot et slikt lite barn i mitt navn, tar imot meg.<br>Men den som lokker til fall en av disse sm\u00e5 som tror p\u00e5 meg, han var bedre tjent med \u00e5 f\u00e5 en kvernstein hengt om halsen og bli senket i havets dyp.<\/p>\n\n\n\n<p class=\"wp-block-paragraph\">Ve denne verden som lokker til fall! Forf\u00f8relsene m\u00e5 komme, men ve det mennesket som de kommer fra!<br>Om h\u00e5nden eller foten din lokker deg til fall, s\u00e5 hugg den av og kast den fra deg! Det er bedre for deg \u00e5 g\u00e5 lemlestet eller halt inn til livet enn \u00e5 ha begge hender eller begge f\u00f8tter og bli kastet i den evige ild.Og om \u00f8yet ditt lokker deg til fall, s\u00e5 riv det ut og kast det fra deg! Det er bedre for deg \u00e5 g\u00e5 en\u00f8yd inn til livet enn \u00e5 ha begge \u00f8yne og kastes i helvetes ild.<\/p>\n\n\n\n<p class=\"wp-block-paragraph\">Pass dere for \u00e5 forakte en eneste av disse sm\u00e5! For jeg sier dere: De har sine engler i himmelen som alltid ser min himmelske Fars ansikt.\u00a0<\/p>\n\n\n\n<p class=\"wp-block-paragraph\">Hva mener dere? Dersom en mann har hundre sauer og \u00e9n av dem g\u00e5r seg vill, lar han ikke da de nittini v\u00e6re igjen i fjellet og g\u00e5r og leter etter den som er kommet p\u00e5 avveier? Og skulle han finne den \u2013 sannelig, jeg sier dere: Da gleder han seg mer over denne ene enn over de nittini som ikke har g\u00e5tt seg vill. Slik vil heller ikke deres Far i himmelen at en eneste av disse sm\u00e5 skal g\u00e5 tapt.<\/p>\n\n\n\n<p class=\"wp-block-paragraph\">Dersom din bror gj\u00f8r en synd [mot deg], s\u00e5 g\u00e5 og still ham til ansvar p\u00e5 tomannsh\u00e5nd. Hvis han h\u00f8rer p\u00e5 deg, har du vunnet din bror. Men hvis han ikke h\u00f8rer, skal du ta med deg en eller to andre, for etter to eller tre vitners utsagn skal enhver sak v\u00e6re avgjort. Hvis han ikke h\u00f8rer p\u00e5 dem heller, skal du si det til menigheten. Men hvis han ikke engang vil h\u00f8re p\u00e5 menigheten, skal han v\u00e6re for deg som en fra folkeslagene, eller som en toller.<\/p>\n\n\n\n<p class=\"wp-block-paragraph\">Sannelig, jeg sier dere: Alt dere binder p\u00e5 jorden, skal v\u00e6re bundet i himmelen, og alt dere l\u00f8ser p\u00e5 jorden, skal v\u00e6re l\u00f8st i himmelen.<\/p>\n\n\n\n<p class=\"wp-block-paragraph\">Ogs\u00e5 dette sier jeg dere: Dersom to av dere her p\u00e5 jorden blir enige om \u00e5 be om noe, hva det enn er, skal de f\u00e5 det av min Far i himmelen. For hvor to eller tre er samlet i mitt navn, der er jeg midt iblant dem.\u00bb<\/p>\n\n\n\n<p class=\"wp-block-paragraph\"><\/p>\n<cite>Matteus 18,1-20 N24BM<\/cite><\/blockquote>\n\n\n\n<p class=\"wp-block-paragraph\">I dagens tekst sp\u00f8r disiplene Jesus: \u00abHvem er den st\u00f8rste i himmelriket?\u00bb Jesus svarer p\u00e5 en overraskende m\u00e5te. Han kaller et lite barn fram, tar barnet inn til seg og setter det midt blant dem. S\u00e5 sier han at den som tar imot et slikt barn, tar imot ham.<\/p>\n\n\n\n<p class=\"wp-block-paragraph\">Dette barnet blir et bilde p\u00e5 noe viktig. Jesus vil vise disiplene, og oss, hvordan Guds rike fungerer.<\/p>\n\n\n\n<p class=\"wp-block-paragraph\">Vi mennesker har lett for \u00e5 tenke p\u00e5 styrke, betydning og prestasjoner. Vi beundrer dem som lykkes, som er sterke og klarer seg selv. Men Jesus peker p\u00e5 et barn. Et barn som er avhengig av andres omsorg. Et barn som m\u00e5 ta imot hjelp. Et barn som stoler p\u00e5 dem som elsker det.<\/p>\n\n\n\n<p class=\"wp-block-paragraph\">Slik \u00f8nsker Jesus at vi skal forholde oss til ham.<\/p>\n\n\n\n<p class=\"wp-block-paragraph\">Gjennom livet har vi kanskje v\u00e6rt vant til \u00e5 klare oss selv. Vi har arbeidet, tatt ansvar og hjulpet andre. Men n\u00e5r \u00e5rene g\u00e5r, oppdager mange at vi igjen m\u00e5 l\u00e6re \u00e5 ta imot hjelp. Det kan v\u00e6re vanskelig. Likevel minner Jesus oss om at vi alltid f\u00f8rst og fremst er Guds barn.<\/p>\n\n\n\n<p class=\"wp-block-paragraph\">Han elsker oss ikke p\u00e5 grunn av det vi har f\u00e5tt til. Han elsker oss fordi vi tilh\u00f8rer ham.<\/p>\n\n\n\n<p class=\"wp-block-paragraph\">I dagens tekst taler Jesus ogs\u00e5 alvorlig om synd. Han sier at vi ikke skal f\u00f8re andre bort fra troen eller v\u00e6re til hinder for at mennesker kommer n\u00e6r Gud. Ordene hans er sterke, fordi han vet hvor dyrebare mennesker er.<\/p>\n\n\n\n<p class=\"wp-block-paragraph\">Men n\u00e5r Jesus taler om synd, er m\u00e5let aldri \u00e5 knuse mennesker. M\u00e5let er \u00e5 frelse dem.<\/p>\n\n\n\n<p class=\"wp-block-paragraph\">Derfor sier han ogs\u00e5 at hvis noen har gjort noe galt mot oss, skal vi fors\u00f8ke \u00e5 gjenopprette forholdet. Vi skal ikke bare b\u00e6re nag eller late som ingenting. Vi skal s\u00f8ke fred og forsoning.<\/p>\n\n\n\n<p class=\"wp-block-paragraph\">Det er et viktig budskap, ikke minst for oss som har levd lenge.<\/p>\n\n\n\n<p class=\"wp-block-paragraph\">Mange b\u00e6rer p\u00e5 gamle s\u00e5r. Noen husker ord som ble sagt for mange \u00e5r siden. Andre kjenner p\u00e5 skyld over ting de gjerne skulle gjort annerledes. Kanskje finnes det relasjoner som aldri ble slik vi \u00f8nsket.<\/p>\n\n\n\n<p class=\"wp-block-paragraph\">Jesus inviterer oss til \u00e5 komme til ham med alt dette.<\/p>\n\n\n\n<p class=\"wp-block-paragraph\">Han minner oss om at tilgivelse er mulig.<\/p>\n\n\n\n<p class=\"wp-block-paragraph\">Noen ganger f\u00e5r vi anledning til \u00e5 be hverandre om tilgivelse. Andre ganger er mennesker borte eller situasjonen kan ikke gj\u00f8res om. Da kan vi legge det fram for Gud. Han kjenner hele historien. Han vet hva vi b\u00e6rer p\u00e5.<\/p>\n\n\n\n<p class=\"wp-block-paragraph\">Midt i denne teksten forteller Jesus om hyrden som har hundre sauer. N\u00e5r \u00e9n blir borte, g\u00e5r hyrden ut for \u00e5 lete etter den. Og n\u00e5r han finner den, blir han fylt av glede.<\/p>\n\n\n\n<p class=\"wp-block-paragraph\">Det er et av de vakreste bildene Jesus gir oss.<\/p>\n\n\n\n<p class=\"wp-block-paragraph\">For vi er alle sammen denne sauen.<\/p>\n\n\n\n<p class=\"wp-block-paragraph\">Noen ganger har vi g\u00e5tt v\u00e5re egne veier. Noen ganger har frykt, sorg eller tvil f\u00f8rt oss bort fra tryggheten. Men Jesus gir ikke opp. Han leter etter den ene som er kommet bort.<\/p>\n\n\n\n<p class=\"wp-block-paragraph\">Og n\u00e5r han finner den, kommer han ikke med harde anklager. Han l\u00f8fter den opp og b\u00e6rer den hjem.<\/p>\n\n\n\n<p class=\"wp-block-paragraph\">Slik er Jesus!<\/p>\n\n\n\n<p class=\"wp-block-paragraph\">Han kommer til oss n\u00e5r vi er slitne, ensomme, n\u00e5r kreftene svikter, n\u00e5r vi ikke klarer, n\u00e5r vi er redde og fortvilte. Og han sier: \u00abDu tilh\u00f8rer meg.\u00bb<\/p>\n\n\n\n<p class=\"wp-block-paragraph\">Det er kanskje dette som er det viktigste budskapet i dagens evangelium. Da Jesus tok barnet inn i armene sine, viste han hvordan han ser p\u00e5 oss. Disiplene var opptatt av hvem som var st\u00f8rst. Jesus var opptatt av barnet.<\/p>\n\n\n\n<p class=\"wp-block-paragraph\">Slik er han fortsatt.<\/p>\n\n\n\n<p class=\"wp-block-paragraph\">Han ser ikke f\u00f8rst v\u00e5re prestasjoner. Han ser ikke f\u00f8rst v\u00e5re feilgrep. Han ser ikke f\u00f8rst det som har lykkes eller mislyktes i livet v\u00e5rt. Han ser oss, og han kjenner navnet ditt. Han vet hva du har v\u00e6rt gjennom. Han vet hva du gleder deg over og hva du s\u00f8rger over. <\/p>\n\n\n\n<p class=\"wp-block-paragraph\">Og han \u00e5pner armene sine mot oss.<\/p>\n\n\n\n<p class=\"wp-block-paragraph\">Kanskje kan vi se for oss dette bildet: Jesus sitter der med \u00e5pne armer, og barnet l\u00f8per inn til ham. Jesus tar det opp, holder det tett inntil seg og sier: \u00abDu er min.\u00bb<\/p>\n\n\n\n<p class=\"wp-block-paragraph\">Det er det han sier til hver enkelt av oss: \u00abDu er mitt barn.\u00bb<\/p>\n\n\n\n<p class=\"wp-block-paragraph\">Du er verdifull. Du er elsket. Du er ikke glemt.<\/p>\n\n\n\n<p class=\"wp-block-paragraph\">Derfor kan vi m\u00f8te framtiden med tillit. Ikke fordi vi er sterke, men fordi Jesus er sterk. Ikke fordi vi alltid har gjort alt riktig, men fordi han er n\u00e5dig. Ikke fordi vi vet hva morgendagen bringer, men fordi vi vet hvem som g\u00e5r sammen med oss.<\/p>\n\n\n\n<p class=\"wp-block-paragraph\">Og n\u00e5r den dagen kommer da vi lukker \u00f8ynene for siste gang her p\u00e5 jorden, \u00f8nsker Jesus \u00e5 \u00e5pne dem p\u00e5 nytt hos seg, i sitt evige rike.<\/p>\n\n\n\n<p class=\"wp-block-paragraph\">Det er derfor han kom. Det er derfor han d\u00f8de og sto opp igjen. Det er derfor han fortsatt kaller oss til seg.<\/p>\n\n\n\n<p class=\"wp-block-paragraph\">S\u00e5 la oss hvile i den vissheten: Vi er barnet i Jesu armer. Vi er den sauen han fant. Vi er mennesker han elsker.<\/p>\n\n\n\n<p class=\"wp-block-paragraph\">Og ingenting gleder ham mer enn \u00e5 f\u00f8re sine barn trygt hjem.<\/p>\n\n\n\n<p class=\"wp-block-paragraph\">Amen.<\/p>\n","protected":false},"excerpt":{"rendered":"<p>Nettopp da kom disiplene og spurte Jesus: \u00abHvem er den st\u00f8rste i himmelriket?\u00bb Da kalte han til seg et lite barn, stilte det midt iblant dem og sa: \u00abSannelig, jeg sier dere: Uten at dere vender om og blir som barn, kommer dere ikke inn i himmelriket. Den som gj\u00f8r seg selv liten som dette [&hellip;]<\/p>\n","protected":false},"author":7,"featured_media":324,"comment_status":"open","ping_status":"closed","sticky":false,"template":"","format":"standard","meta":{"footnotes":""},"categories":[2],"tags":[12,18,58],"class_list":["post-1091","post","type-post","status-publish","format-standard","has-post-thumbnail","hentry","category-andakt","tag-barn","tag-bibelen","tag-jesus"],"_links":{"self":[{"href":"https:\/\/andaktsbloggen.com\/index.php?rest_route=\/wp\/v2\/posts\/1091","targetHints":{"allow":["GET"]}}],"collection":[{"href":"https:\/\/andaktsbloggen.com\/index.php?rest_route=\/wp\/v2\/posts"}],"about":[{"href":"https:\/\/andaktsbloggen.com\/index.php?rest_route=\/wp\/v2\/types\/post"}],"author":[{"embeddable":true,"href":"https:\/\/andaktsbloggen.com\/index.php?rest_route=\/wp\/v2\/users\/7"}],"replies":[{"embeddable":true,"href":"https:\/\/andaktsbloggen.com\/index.php?rest_route=%2Fwp%2Fv2%2Fcomments&post=1091"}],"version-history":[{"count":1,"href":"https:\/\/andaktsbloggen.com\/index.php?rest_route=\/wp\/v2\/posts\/1091\/revisions"}],"predecessor-version":[{"id":1092,"href":"https:\/\/andaktsbloggen.com\/index.php?rest_route=\/wp\/v2\/posts\/1091\/revisions\/1092"}],"wp:featuredmedia":[{"embeddable":true,"href":"https:\/\/andaktsbloggen.com\/index.php?rest_route=\/wp\/v2\/media\/324"}],"wp:attachment":[{"href":"https:\/\/andaktsbloggen.com\/index.php?rest_route=%2Fwp%2Fv2%2Fmedia&parent=1091"}],"wp:term":[{"taxonomy":"category","embeddable":true,"href":"https:\/\/andaktsbloggen.com\/index.php?rest_route=%2Fwp%2Fv2%2Fcategories&post=1091"},{"taxonomy":"post_tag","embeddable":true,"href":"https:\/\/andaktsbloggen.com\/index.php?rest_route=%2Fwp%2Fv2%2Ftags&post=1091"}],"curies":[{"name":"wp","href":"https:\/\/api.w.org\/{rel}","templated":true}]}}